{"id":25451,"date":"2025-04-04T16:08:09","date_gmt":"2025-04-04T16:08:09","guid":{"rendered":"https:\/\/tztz.ba\/ba\/?p=25451"},"modified":"2025-04-10T14:58:43","modified_gmt":"2025-04-10T14:58:43","slug":"nezaboravan-koncert-ucenika-gimnazije-mesa-selimovic-tuzla-posebna-gosca-bila-diva-amira-medunjanin","status":"publish","type":"post","link":"https:\/\/tztz.ba\/ba\/nezaboravan-koncert-ucenika-gimnazije-mesa-selimovic-tuzla-posebna-gosca-bila-diva-amira-medunjanin\/","title":{"rendered":"Nezaboravan koncert u\u010denika Gimnazije \u2018Me\u0161a Selimovi\u0107\u2019 Tuzla; Posebna go\u0161\u0107a bila diva Amira Medunjanin"},"content":{"rendered":"<p>U Ateljeu \u201cIsmet Mujezinovi\u0107\u201d u Tuzli u \u010detvrtak je odr\u017ean nezaboravan koncert u\u010denika Gimnazije \u201cMe\u0161a Selimovi\u0107\u201d u sklopu projekta \u201cRitam zajedni\u0161tva\u201d, koji su u cijelosti realizovali u\u010denici uz podr\u0161ku svojih profesora i Centra za kulturu Tuzla.<\/p>\n\n\t\t<style type=\"text\/css\">\n\t\t\t#gallery-1 {\n\t\t\t\tmargin: auto;\n\t\t\t}\n\t\t\t#gallery-1 .gallery-item {\n\t\t\t\tfloat: left;\n\t\t\t\tmargin-top: 10px;\n\t\t\t\ttext-align: center;\n\t\t\t\twidth: 33%;\n\t\t\t}\n\t\t\t#gallery-1 img {\n\t\t\t\tborder: 2px solid #cfcfcf;\n\t\t\t}\n\t\t\t#gallery-1 .gallery-caption {\n\t\t\t\tmargin-left: 0;\n\t\t\t}\n\t\t\t\/* see gallery_shortcode() in wp-includes\/media.php *\/\n\t\t<\/style>\n\t\t<div id='gallery-1' class='gallery galleryid-25451 gallery-columns-3 gallery-size-thumbnail'><dl class='gallery-item'>\n\t\t\t<dt class='gallery-icon landscape'>\n\t\t\t\t<a href='https:\/\/tztz.ba\/ba\/nezaboravan-koncert-ucenika-gimnazije-mesa-selimovic-tuzla-posebna-gosca-bila-diva-amira-medunjanin\/img-38a957cade1329ed98af8ca9851948be-v\/'><img loading=\"lazy\" decoding=\"async\" width=\"150\" height=\"150\" src=\"https:\/\/tztz.ba\/ba\/wp-content\/uploads\/2025\/04\/IMG-38a957cade1329ed98af8ca9851948be-V-150x150.jpg\" class=\"attachment-thumbnail size-thumbnail\" alt=\"\" srcset=\"https:\/\/tztz.ba\/ba\/wp-content\/uploads\/2025\/04\/IMG-38a957cade1329ed98af8ca9851948be-V-150x150.jpg 150w, https:\/\/tztz.ba\/ba\/wp-content\/uploads\/2025\/04\/IMG-38a957cade1329ed98af8ca9851948be-V-350x350.jpg 350w, https:\/\/tztz.ba\/ba\/wp-content\/uploads\/2025\/04\/IMG-38a957cade1329ed98af8ca9851948be-V-400x400.jpg 400w\" sizes=\"auto, (max-width: 150px) 100vw, 150px\" \/><\/a>\n\t\t\t<\/dt><\/dl><dl class='gallery-item'>\n\t\t\t<dt class='gallery-icon landscape'>\n\t\t\t\t<a href='https:\/\/tztz.ba\/ba\/nezaboravan-koncert-ucenika-gimnazije-mesa-selimovic-tuzla-posebna-gosca-bila-diva-amira-medunjanin\/img_20250404_141322\/'><img loading=\"lazy\" decoding=\"async\" width=\"150\" height=\"150\" src=\"https:\/\/tztz.ba\/ba\/wp-content\/uploads\/2025\/04\/IMG_20250404_141322-150x150.jpg\" class=\"attachment-thumbnail size-thumbnail\" alt=\"\" srcset=\"https:\/\/tztz.ba\/ba\/wp-content\/uploads\/2025\/04\/IMG_20250404_141322-150x150.jpg 150w, https:\/\/tztz.ba\/ba\/wp-content\/uploads\/2025\/04\/IMG_20250404_141322-350x350.jpg 350w, https:\/\/tztz.ba\/ba\/wp-content\/uploads\/2025\/04\/IMG_20250404_141322-400x400.jpg 400w\" sizes=\"auto, (max-width: 150px) 100vw, 150px\" \/><\/a>\n\t\t\t<\/dt><\/dl><dl class='gallery-item'>\n\t\t\t<dt class='gallery-icon landscape'>\n\t\t\t\t<a href='https:\/\/tztz.ba\/ba\/nezaboravan-koncert-ucenika-gimnazije-mesa-selimovic-tuzla-posebna-gosca-bila-diva-amira-medunjanin\/img-2e607f89a06020cd5c95a0ee195877a4-v\/'><img loading=\"lazy\" decoding=\"async\" width=\"150\" height=\"150\" src=\"https:\/\/tztz.ba\/ba\/wp-content\/uploads\/2025\/04\/IMG-2e607f89a06020cd5c95a0ee195877a4-V-150x150.jpg\" class=\"attachment-thumbnail size-thumbnail\" alt=\"\" srcset=\"https:\/\/tztz.ba\/ba\/wp-content\/uploads\/2025\/04\/IMG-2e607f89a06020cd5c95a0ee195877a4-V-150x150.jpg 150w, https:\/\/tztz.ba\/ba\/wp-content\/uploads\/2025\/04\/IMG-2e607f89a06020cd5c95a0ee195877a4-V-350x350.jpg 350w, https:\/\/tztz.ba\/ba\/wp-content\/uploads\/2025\/04\/IMG-2e607f89a06020cd5c95a0ee195877a4-V-400x400.jpg 400w\" sizes=\"auto, (max-width: 150px) 100vw, 150px\" \/><\/a>\n\t\t\t<\/dt><\/dl><br style=\"clear: both\" \/><dl class='gallery-item'>\n\t\t\t<dt class='gallery-icon landscape'>\n\t\t\t\t<a href='https:\/\/tztz.ba\/ba\/nezaboravan-koncert-ucenika-gimnazije-mesa-selimovic-tuzla-posebna-gosca-bila-diva-amira-medunjanin\/img-ba1f6c710df99c8bf193071a1dcb4c37-v\/'><img loading=\"lazy\" decoding=\"async\" width=\"150\" height=\"150\" src=\"https:\/\/tztz.ba\/ba\/wp-content\/uploads\/2025\/04\/IMG-ba1f6c710df99c8bf193071a1dcb4c37-V-150x150.jpg\" class=\"attachment-thumbnail size-thumbnail\" alt=\"\" srcset=\"https:\/\/tztz.ba\/ba\/wp-content\/uploads\/2025\/04\/IMG-ba1f6c710df99c8bf193071a1dcb4c37-V-150x150.jpg 150w, https:\/\/tztz.ba\/ba\/wp-content\/uploads\/2025\/04\/IMG-ba1f6c710df99c8bf193071a1dcb4c37-V-350x350.jpg 350w, https:\/\/tztz.ba\/ba\/wp-content\/uploads\/2025\/04\/IMG-ba1f6c710df99c8bf193071a1dcb4c37-V-400x400.jpg 400w\" sizes=\"auto, (max-width: 150px) 100vw, 150px\" \/><\/a>\n\t\t\t<\/dt><\/dl><dl class='gallery-item'>\n\t\t\t<dt class='gallery-icon portrait'>\n\t\t\t\t<a href='https:\/\/tztz.ba\/ba\/nezaboravan-koncert-ucenika-gimnazije-mesa-selimovic-tuzla-posebna-gosca-bila-diva-amira-medunjanin\/img-84cc61d1430556202087697078e5936b-v\/'><img loading=\"lazy\" decoding=\"async\" width=\"150\" height=\"150\" src=\"https:\/\/tztz.ba\/ba\/wp-content\/uploads\/2025\/04\/IMG-84cc61d1430556202087697078e5936b-V-150x150.jpg\" class=\"attachment-thumbnail size-thumbnail\" alt=\"\" srcset=\"https:\/\/tztz.ba\/ba\/wp-content\/uploads\/2025\/04\/IMG-84cc61d1430556202087697078e5936b-V-150x150.jpg 150w, https:\/\/tztz.ba\/ba\/wp-content\/uploads\/2025\/04\/IMG-84cc61d1430556202087697078e5936b-V-350x350.jpg 350w, https:\/\/tztz.ba\/ba\/wp-content\/uploads\/2025\/04\/IMG-84cc61d1430556202087697078e5936b-V-400x400.jpg 400w\" sizes=\"auto, (max-width: 150px) 100vw, 150px\" \/><\/a>\n\t\t\t<\/dt><\/dl><dl class='gallery-item'>\n\t\t\t<dt class='gallery-icon portrait'>\n\t\t\t\t<a href='https:\/\/tztz.ba\/ba\/nezaboravan-koncert-ucenika-gimnazije-mesa-selimovic-tuzla-posebna-gosca-bila-diva-amira-medunjanin\/img-5efe3744677c5b0cc76cae3afe5d6f34-v\/'><img loading=\"lazy\" decoding=\"async\" width=\"150\" height=\"150\" src=\"https:\/\/tztz.ba\/ba\/wp-content\/uploads\/2025\/04\/IMG-5efe3744677c5b0cc76cae3afe5d6f34-V-150x150.jpg\" class=\"attachment-thumbnail size-thumbnail\" alt=\"\" srcset=\"https:\/\/tztz.ba\/ba\/wp-content\/uploads\/2025\/04\/IMG-5efe3744677c5b0cc76cae3afe5d6f34-V-150x150.jpg 150w, https:\/\/tztz.ba\/ba\/wp-content\/uploads\/2025\/04\/IMG-5efe3744677c5b0cc76cae3afe5d6f34-V-350x350.jpg 350w, https:\/\/tztz.ba\/ba\/wp-content\/uploads\/2025\/04\/IMG-5efe3744677c5b0cc76cae3afe5d6f34-V-400x400.jpg 400w\" sizes=\"auto, (max-width: 150px) 100vw, 150px\" \/><\/a>\n\t\t\t<\/dt><\/dl><br style=\"clear: both\" \/><dl class='gallery-item'>\n\t\t\t<dt class='gallery-icon landscape'>\n\t\t\t\t<a href='https:\/\/tztz.ba\/ba\/nezaboravan-koncert-ucenika-gimnazije-mesa-selimovic-tuzla-posebna-gosca-bila-diva-amira-medunjanin\/img-3b86883327fea27b342c91d80db5baf5-v\/'><img loading=\"lazy\" decoding=\"async\" width=\"150\" height=\"150\" src=\"https:\/\/tztz.ba\/ba\/wp-content\/uploads\/2025\/04\/IMG-3b86883327fea27b342c91d80db5baf5-V-150x150.jpg\" class=\"attachment-thumbnail size-thumbnail\" alt=\"\" srcset=\"https:\/\/tztz.ba\/ba\/wp-content\/uploads\/2025\/04\/IMG-3b86883327fea27b342c91d80db5baf5-V-150x150.jpg 150w, https:\/\/tztz.ba\/ba\/wp-content\/uploads\/2025\/04\/IMG-3b86883327fea27b342c91d80db5baf5-V-350x350.jpg 350w, https:\/\/tztz.ba\/ba\/wp-content\/uploads\/2025\/04\/IMG-3b86883327fea27b342c91d80db5baf5-V-400x400.jpg 400w\" sizes=\"auto, (max-width: 150px) 100vw, 150px\" \/><\/a>\n\t\t\t<\/dt><\/dl><dl class='gallery-item'>\n\t\t\t<dt class='gallery-icon landscape'>\n\t\t\t\t<a href='https:\/\/tztz.ba\/ba\/nezaboravan-koncert-ucenika-gimnazije-mesa-selimovic-tuzla-posebna-gosca-bila-diva-amira-medunjanin\/img-597d8cea2ca93b37eef97699804b9e33-v\/'><img loading=\"lazy\" decoding=\"async\" width=\"150\" height=\"150\" src=\"https:\/\/tztz.ba\/ba\/wp-content\/uploads\/2025\/04\/IMG-597d8cea2ca93b37eef97699804b9e33-V-150x150.jpg\" class=\"attachment-thumbnail size-thumbnail\" alt=\"\" srcset=\"https:\/\/tztz.ba\/ba\/wp-content\/uploads\/2025\/04\/IMG-597d8cea2ca93b37eef97699804b9e33-V-150x150.jpg 150w, https:\/\/tztz.ba\/ba\/wp-content\/uploads\/2025\/04\/IMG-597d8cea2ca93b37eef97699804b9e33-V-350x350.jpg 350w, https:\/\/tztz.ba\/ba\/wp-content\/uploads\/2025\/04\/IMG-597d8cea2ca93b37eef97699804b9e33-V-400x400.jpg 400w\" sizes=\"auto, (max-width: 150px) 100vw, 150px\" \/><\/a>\n\t\t\t<\/dt><\/dl><dl class='gallery-item'>\n\t\t\t<dt class='gallery-icon landscape'>\n\t\t\t\t<a href='https:\/\/tztz.ba\/ba\/nezaboravan-koncert-ucenika-gimnazije-mesa-selimovic-tuzla-posebna-gosca-bila-diva-amira-medunjanin\/img-eaaaa7db93d95001144bcc36d9e49e4b-v\/'><img loading=\"lazy\" decoding=\"async\" width=\"150\" height=\"150\" src=\"https:\/\/tztz.ba\/ba\/wp-content\/uploads\/2025\/04\/IMG-eaaaa7db93d95001144bcc36d9e49e4b-V-150x150.jpg\" class=\"attachment-thumbnail size-thumbnail\" alt=\"\" srcset=\"https:\/\/tztz.ba\/ba\/wp-content\/uploads\/2025\/04\/IMG-eaaaa7db93d95001144bcc36d9e49e4b-V-150x150.jpg 150w, https:\/\/tztz.ba\/ba\/wp-content\/uploads\/2025\/04\/IMG-eaaaa7db93d95001144bcc36d9e49e4b-V-350x350.jpg 350w, https:\/\/tztz.ba\/ba\/wp-content\/uploads\/2025\/04\/IMG-eaaaa7db93d95001144bcc36d9e49e4b-V-400x400.jpg 400w\" sizes=\"auto, (max-width: 150px) 100vw, 150px\" \/><\/a>\n\t\t\t<\/dt><\/dl><br style=\"clear: both\" \/>\n\t\t<\/div>\n\n<p>Ovim projektom je omogu\u0107ena nabavka muzi\u010dkih instrumenata za \u0161kolu kroz Fond Mensur i Jasmina Ali\u0107 kojim, u ime porodice Ali\u0107, upravlja Fondacija tuzlanske zajednice. Koncert je imao za cilj promociju i razvoj muzi\u010dkog obrazovanja i kulturnih aktivnosti me\u0111u u\u010denicima.<\/p>\n<p>Posebnu \u010dar ve\u010deri dala je go\u0161\u0107a iznena\u0111enja, bosanskohercegova\u010dka muzi\u010dka diva Amira Medunjanin, koja je svojim prisustvom pru\u017eila sna\u017enu podr\u0161ku trudu i posve\u0107enosti u\u010denika.<\/p>\n<p>Foto: Foto Vlasta<\/p>\n","protected":false},"excerpt":{"rendered":"<p>U Ateljeu \u201cIsmet Mujezinovi\u0107\u201d u Tuzli u \u010detvrtak je odr\u017ean nezaboravan koncert u\u010denika Gimnazije \u201cMe\u0161a&#8230;<\/p>\n","protected":false},"author":2,"featured_media":25452,"comment_status":"open","ping_status":"open","sticky":false,"template":"","format":"standard","meta":{"footnotes":""},"categories":[25,24,3],"tags":[],"class_list":["post-25451","post","type-post","status-publish","format-standard","has-post-thumbnail","hentry","category-25","category-aktuelno","category-novosti"],"_links":{"self":[{"href":"https:\/\/tztz.ba\/ba\/wp-json\/wp\/v2\/posts\/25451","targetHints":{"allow":["GET"]}}],"collection":[{"href":"https:\/\/tztz.ba\/ba\/wp-json\/wp\/v2\/posts"}],"about":[{"href":"https:\/\/tztz.ba\/ba\/wp-json\/wp\/v2\/types\/post"}],"author":[{"embeddable":true,"href":"https:\/\/tztz.ba\/ba\/wp-json\/wp\/v2\/users\/2"}],"replies":[{"embeddable":true,"href":"https:\/\/tztz.ba\/ba\/wp-json\/wp\/v2\/comments?post=25451"}],"version-history":[{"count":1,"href":"https:\/\/tztz.ba\/ba\/wp-json\/wp\/v2\/posts\/25451\/revisions"}],"predecessor-version":[{"id":25462,"href":"https:\/\/tztz.ba\/ba\/wp-json\/wp\/v2\/posts\/25451\/revisions\/25462"}],"wp:featuredmedia":[{"embeddable":true,"href":"https:\/\/tztz.ba\/ba\/wp-json\/wp\/v2\/media\/25452"}],"wp:attachment":[{"href":"https:\/\/tztz.ba\/ba\/wp-json\/wp\/v2\/media?parent=25451"}],"wp:term":[{"taxonomy":"category","embeddable":true,"href":"https:\/\/tztz.ba\/ba\/wp-json\/wp\/v2\/categories?post=25451"},{"taxonomy":"post_tag","embeddable":true,"href":"https:\/\/tztz.ba\/ba\/wp-json\/wp\/v2\/tags?post=25451"}],"curies":[{"name":"wp","href":"https:\/\/api.w.org\/{rel}","templated":true}]}}