{"id":27615,"date":"2025-10-31T08:02:41","date_gmt":"2025-10-31T08:02:41","guid":{"rendered":"https:\/\/tztz.ba\/ba\/?p=27615"},"modified":"2025-10-31T08:02:51","modified_gmt":"2025-10-31T08:02:51","slug":"na-1-festivalu-filmskog-stvaralastva-mladih-najboljim-proglaseni-filmovi-iz-beograda-i-banje-luke","status":"publish","type":"post","link":"https:\/\/tztz.ba\/ba\/na-1-festivalu-filmskog-stvaralastva-mladih-najboljim-proglaseni-filmovi-iz-beograda-i-banje-luke\/","title":{"rendered":"Na 1. Festivalu filmskog stvarala\u0161tva mladih najboljim progla\u0161eni filmovi iz Beograda i Banje Luke"},"content":{"rendered":"\n<p>U Bosanskom kulturnom centru Tuzlanskog kantona u \u010detvrtak je zavr\u0161en 1. Festival filmskog stvarala\u0161tva mladih, koji je proteklih dana u okviru 6. Dani audiovizuelnog naslije\u0111a i umjetnosti okupio brojne u\u010denike, studente, autore i profesionalce iz oblasti filma, kulture, turizma, za\u0161tite kulturnog naslije\u0111a i umjetnosti.<\/p>\n\n\n\n<figure class=\"wp-block-gallery has-nested-images columns-default is-cropped wp-block-gallery-1 is-layout-flex wp-block-gallery-is-layout-flex\">\n<figure class=\"wp-block-image size-large\"><img loading=\"lazy\" decoding=\"async\" width=\"1024\" height=\"577\" data-id=\"27619\" src=\"https:\/\/tztz.ba\/ba\/wp-content\/uploads\/2025\/10\/FFSM_zatvaranje-5-1024x577.jpg\" alt=\"\" class=\"wp-image-27619\" srcset=\"https:\/\/tztz.ba\/ba\/wp-content\/uploads\/2025\/10\/FFSM_zatvaranje-5-1024x577.jpg 1024w, https:\/\/tztz.ba\/ba\/wp-content\/uploads\/2025\/10\/FFSM_zatvaranje-5-300x169.jpg 300w, https:\/\/tztz.ba\/ba\/wp-content\/uploads\/2025\/10\/FFSM_zatvaranje-5-768x433.jpg 768w, https:\/\/tztz.ba\/ba\/wp-content\/uploads\/2025\/10\/FFSM_zatvaranje-5.jpg 1200w\" sizes=\"auto, (max-width: 1024px) 100vw, 1024px\" \/><\/figure>\n\n\n\n<figure class=\"wp-block-image size-large\"><img loading=\"lazy\" decoding=\"async\" width=\"1024\" height=\"616\" data-id=\"27618\" src=\"https:\/\/tztz.ba\/ba\/wp-content\/uploads\/2025\/10\/FFSM_zatvaranje-4-1024x616.jpg\" alt=\"\" class=\"wp-image-27618\" srcset=\"https:\/\/tztz.ba\/ba\/wp-content\/uploads\/2025\/10\/FFSM_zatvaranje-4-1024x616.jpg 1024w, https:\/\/tztz.ba\/ba\/wp-content\/uploads\/2025\/10\/FFSM_zatvaranje-4-300x181.jpg 300w, https:\/\/tztz.ba\/ba\/wp-content\/uploads\/2025\/10\/FFSM_zatvaranje-4-768x462.jpg 768w, https:\/\/tztz.ba\/ba\/wp-content\/uploads\/2025\/10\/FFSM_zatvaranje-4.jpg 1200w\" sizes=\"auto, (max-width: 1024px) 100vw, 1024px\" \/><\/figure>\n\n\n\n<figure class=\"wp-block-image size-large\"><img loading=\"lazy\" decoding=\"async\" width=\"1024\" height=\"612\" data-id=\"27617\" src=\"https:\/\/tztz.ba\/ba\/wp-content\/uploads\/2025\/10\/FFSM_zatvaranje-3-1024x612.jpg\" alt=\"\" class=\"wp-image-27617\" srcset=\"https:\/\/tztz.ba\/ba\/wp-content\/uploads\/2025\/10\/FFSM_zatvaranje-3-1024x612.jpg 1024w, https:\/\/tztz.ba\/ba\/wp-content\/uploads\/2025\/10\/FFSM_zatvaranje-3-300x179.jpg 300w, https:\/\/tztz.ba\/ba\/wp-content\/uploads\/2025\/10\/FFSM_zatvaranje-3-768x459.jpg 768w, https:\/\/tztz.ba\/ba\/wp-content\/uploads\/2025\/10\/FFSM_zatvaranje-3.jpg 1200w\" sizes=\"auto, (max-width: 1024px) 100vw, 1024px\" \/><\/figure>\n\n\n\n<figure class=\"wp-block-image size-large\"><img loading=\"lazy\" decoding=\"async\" width=\"1024\" height=\"649\" data-id=\"27620\" src=\"https:\/\/tztz.ba\/ba\/wp-content\/uploads\/2025\/10\/FFSM_zatvaranje-2-1024x649.jpg\" alt=\"\" class=\"wp-image-27620\" srcset=\"https:\/\/tztz.ba\/ba\/wp-content\/uploads\/2025\/10\/FFSM_zatvaranje-2-1024x649.jpg 1024w, https:\/\/tztz.ba\/ba\/wp-content\/uploads\/2025\/10\/FFSM_zatvaranje-2-300x190.jpg 300w, https:\/\/tztz.ba\/ba\/wp-content\/uploads\/2025\/10\/FFSM_zatvaranje-2-768x486.jpg 768w, https:\/\/tztz.ba\/ba\/wp-content\/uploads\/2025\/10\/FFSM_zatvaranje-2.jpg 1200w\" sizes=\"auto, (max-width: 1024px) 100vw, 1024px\" \/><\/figure>\n<\/figure>\n\n\n\n<p>\u017diri za kategoriju \u201cRegionalni studentski i omladinski film\u201c u sastavu Amila Be\u0161irovi\u0107, Boris Balta i Fe\u0111a Zahirovi\u0107 proglasio je tri najbolja filma. Prvo mjesto osvojio je film \u201cTarik\u201d autora Adema Tuti\u0107a, u produkciji Fakulteta dramskih umetnosti u Beogradu i Filmskog centra Srbije koji je nedavno osvojio i \u201cSrce Sarajeva\u201d za najbolji studentski film na SFF-u.. Drugu nagradu dobila je Jovana Lazin s filmom \u201cGro\u017e\u0111e\u201d (FDU Beograd), dok je tre\u0107e mjesto pripalo filmu \u201cKako sam provela raspust\u201d autorice Milice Vujasin s Akademije umjetnosti u Banjoj Luci.<\/p>\n\n\n\n<p>Publika je imala priliku pogledati pobjedni\u010dki film, a ve\u010de je nastavljeno festivalskim koncertom sastava \u201eOktofonija\u201c.<\/p>\n\n\n\n<p>Zavr\u0161ni festivalski dan bio je posve\u0107en regionalnoj omladinskoj i studentskoj filmskoj produkciji, u okviru kojeg su progla\u0161eni pobjednici u ovoj festivalskoj kategoriji, te odr\u017ean razgovor s publikom u okviru panela \u201eLokalna i omladinska filmska produkcija kao generator razvoja kreativne industrije\u201c, koji je pod moderatorstvom Mirze Efendi\u0107a ponudio vrijedne zaklju\u010dke o zna\u010daju mladih stvaralaca u kulturnom \u017eivotu jedne lokalne zajednice.<\/p>\n\n\n\n<p>Manifestacija 6. Dani audiovizuelnog naslije\u0111a i umjetnosti se sutra i zavr\u0161ava programom \u201eDervi\u0161 Su\u0161i\u0107 u bh. scenariju \u2013 povodom 100 godina od ro\u0111enja Dervi\u0161a Su\u0161i\u0107a\u201c. Gost doga\u0111aja bit \u0107e Miralem Zub\u010devi\u0107, jedan od najzna\u010dajnijih glumaca doma\u0107e kinematografije i teatra, \u0161iroj publici poznat po ulozi Taleta u istoimenoj TV seriji ra\u0111enoj po scenariju Dervi\u0161a Su\u0161i\u0107a. Tokom programa bit \u0107e prikazan i arhivski materijal BHRT-a koji uklju\u010duje intervju s Dervi\u0161em Su\u0161i\u0107em, saop\u0107ili su organizatori.<\/p>\n\n\n\n<p>Festival filmskog stvarala\u0161tva mladih zajedni\u010dki organizuju JU Bosanski kulturni centar Tuzlanskog kantona, Udru\u017eenje Mladi Tuzle, Pozori\u0161te mladih Tuzle, Srednja Savremeno-umjetni\u010dka \u0161kola Tuzla i Una Storia Tuzla, uz partnerstvo JU Zavod za za\u0161titu i kori\u0161tenje kulturno-historijskog i prirodnog naslije\u0111a TK, te podr\u0161ku Ministarstva kulture, sporta i mladih Tuzlanskog kantona i Turisti\u010dke zajednice Tuzlanskog kantona.<\/p>\n","protected":false},"excerpt":{"rendered":"<p>U Bosanskom kulturnom centru Tuzlanskog kantona u \u010detvrtak je zavr\u0161en 1. Festival filmskog stvarala\u0161tva mladih,&#8230;<\/p>\n","protected":false},"author":2,"featured_media":27616,"comment_status":"closed","ping_status":"closed","sticky":false,"template":"","format":"standard","meta":{"footnotes":""},"categories":[28,24,3],"tags":[],"class_list":["post-27615","post","type-post","status-publish","format-standard","has-post-thumbnail","hentry","category-28","category-aktuelno","category-novosti"],"_links":{"self":[{"href":"https:\/\/tztz.ba\/ba\/wp-json\/wp\/v2\/posts\/27615","targetHints":{"allow":["GET"]}}],"collection":[{"href":"https:\/\/tztz.ba\/ba\/wp-json\/wp\/v2\/posts"}],"about":[{"href":"https:\/\/tztz.ba\/ba\/wp-json\/wp\/v2\/types\/post"}],"author":[{"embeddable":true,"href":"https:\/\/tztz.ba\/ba\/wp-json\/wp\/v2\/users\/2"}],"replies":[{"embeddable":true,"href":"https:\/\/tztz.ba\/ba\/wp-json\/wp\/v2\/comments?post=27615"}],"version-history":[{"count":1,"href":"https:\/\/tztz.ba\/ba\/wp-json\/wp\/v2\/posts\/27615\/revisions"}],"predecessor-version":[{"id":27621,"href":"https:\/\/tztz.ba\/ba\/wp-json\/wp\/v2\/posts\/27615\/revisions\/27621"}],"wp:featuredmedia":[{"embeddable":true,"href":"https:\/\/tztz.ba\/ba\/wp-json\/wp\/v2\/media\/27616"}],"wp:attachment":[{"href":"https:\/\/tztz.ba\/ba\/wp-json\/wp\/v2\/media?parent=27615"}],"wp:term":[{"taxonomy":"category","embeddable":true,"href":"https:\/\/tztz.ba\/ba\/wp-json\/wp\/v2\/categories?post=27615"},{"taxonomy":"post_tag","embeddable":true,"href":"https:\/\/tztz.ba\/ba\/wp-json\/wp\/v2\/tags?post=27615"}],"curies":[{"name":"wp","href":"https:\/\/api.w.org\/{rel}","templated":true}]}}