{"id":28763,"date":"2026-03-29T18:14:08","date_gmt":"2026-03-29T18:14:08","guid":{"rendered":"https:\/\/tztz.ba\/ba\/?p=28763"},"modified":"2026-03-29T18:14:20","modified_gmt":"2026-03-29T18:14:20","slug":"drugi-bazni-avion-kompanije-wizz-air-na-mat-u-uvedeno-sest-novih-linija-iz-tuzle","status":"publish","type":"post","link":"https:\/\/tztz.ba\/ba\/drugi-bazni-avion-kompanije-wizz-air-na-mat-u-uvedeno-sest-novih-linija-iz-tuzle\/","title":{"rendered":"Drugi bazni avion kompanije Wizz Air na MAT-u, uvedeno \u0161est novih linija iz Tuzle"},"content":{"rendered":"\n<p>Na Me\u0111unarodnom aerodromu Tuzla \u0161iri se mre\u017ea destinacija na koje putnici mogu letjeti. Uspostavljena je nova aviolinija Tuzla \u2013 Bratislava, a upravo je taj let ozna\u010dio dolazak drugog baznog aviona kompanije Wizz Air na MAT.<\/p>\n\n\n\n<p>Sa novim baznim avionom uvedeno je \u0161est novih linija iz Tuzle: Berlin, Geteborg, Larnaca, Bratislava, Frankfurt-Han i Pariz.<\/p>\n\n\n\n<figure class=\"wp-block-image size-large\"><img loading=\"lazy\" decoding=\"async\" width=\"1024\" height=\"768\" src=\"https:\/\/tztz.ba\/ba\/wp-content\/uploads\/2026\/03\/657262324_10232691035921915_7469901405997310497_n-1024x768.jpg\" alt=\"\" class=\"wp-image-28765\" srcset=\"https:\/\/tztz.ba\/ba\/wp-content\/uploads\/2026\/03\/657262324_10232691035921915_7469901405997310497_n-1024x768.jpg 1024w, https:\/\/tztz.ba\/ba\/wp-content\/uploads\/2026\/03\/657262324_10232691035921915_7469901405997310497_n-300x225.jpg 300w, https:\/\/tztz.ba\/ba\/wp-content\/uploads\/2026\/03\/657262324_10232691035921915_7469901405997310497_n-768x576.jpg 768w, https:\/\/tztz.ba\/ba\/wp-content\/uploads\/2026\/03\/657262324_10232691035921915_7469901405997310497_n-1536x1152.jpg 1536w, https:\/\/tztz.ba\/ba\/wp-content\/uploads\/2026\/03\/657262324_10232691035921915_7469901405997310497_n.jpg 2000w\" sizes=\"auto, (max-width: 1024px) 100vw, 1024px\" \/><\/figure>\n\n\n\n<p>Nakon nekoliko godina stagnacije, aerodrom ponovo bilje\u017ei zna\u010dajan rast, \u0161to potvr\u0111uje i sve ve\u0107i broj putnika i linija. Od po\u010detka godine opslu\u017eeno je oko 90.000 putnika prema 13 destinacija koje pokriva Wizz Air, kao i prema Istanbulu, uz dva avioprevoznika.<\/p>\n\n\n\n<p>Tendencija je da Me\u0111unarodni aerodrom Tuzla ima i tre\u0107i bazni avion. U toku su pregovori s novim aviokompanijama, a projekcije su da \u0107e se do kraja godine s ovog aerodroma prevesti oko 760 hiljada putnika, \u0161to bi bio rekord za aerodrom od njegovog osnivanja.<\/p>\n","protected":false},"excerpt":{"rendered":"<p>Na Me\u0111unarodnom aerodromu Tuzla \u0161iri se mre\u017ea destinacija na koje putnici mogu letjeti. Uspostavljena je&#8230;<\/p>\n","protected":false},"author":2,"featured_media":28764,"comment_status":"closed","ping_status":"closed","sticky":false,"template":"","format":"standard","meta":{"footnotes":""},"categories":[26,24,3],"tags":[],"class_list":["post-28763","post","type-post","status-publish","format-standard","has-post-thumbnail","hentry","category-26","category-aktuelno","category-novosti"],"_links":{"self":[{"href":"https:\/\/tztz.ba\/ba\/wp-json\/wp\/v2\/posts\/28763","targetHints":{"allow":["GET"]}}],"collection":[{"href":"https:\/\/tztz.ba\/ba\/wp-json\/wp\/v2\/posts"}],"about":[{"href":"https:\/\/tztz.ba\/ba\/wp-json\/wp\/v2\/types\/post"}],"author":[{"embeddable":true,"href":"https:\/\/tztz.ba\/ba\/wp-json\/wp\/v2\/users\/2"}],"replies":[{"embeddable":true,"href":"https:\/\/tztz.ba\/ba\/wp-json\/wp\/v2\/comments?post=28763"}],"version-history":[{"count":1,"href":"https:\/\/tztz.ba\/ba\/wp-json\/wp\/v2\/posts\/28763\/revisions"}],"predecessor-version":[{"id":28766,"href":"https:\/\/tztz.ba\/ba\/wp-json\/wp\/v2\/posts\/28763\/revisions\/28766"}],"wp:featuredmedia":[{"embeddable":true,"href":"https:\/\/tztz.ba\/ba\/wp-json\/wp\/v2\/media\/28764"}],"wp:attachment":[{"href":"https:\/\/tztz.ba\/ba\/wp-json\/wp\/v2\/media?parent=28763"}],"wp:term":[{"taxonomy":"category","embeddable":true,"href":"https:\/\/tztz.ba\/ba\/wp-json\/wp\/v2\/categories?post=28763"},{"taxonomy":"post_tag","embeddable":true,"href":"https:\/\/tztz.ba\/ba\/wp-json\/wp\/v2\/tags?post=28763"}],"curies":[{"name":"wp","href":"https:\/\/api.w.org\/{rel}","templated":true}]}}