{"id":30496,"date":"2026-08-30T12:33:46","date_gmt":"2026-08-30T12:33:46","guid":{"rendered":"https:\/\/tztz.ba\/ba\/?p=30496"},"modified":"2026-08-30T14:53:20","modified_gmt":"2026-08-30T14:53:20","slug":"tuzla-plese-family-day-okupio-ljubitelje-plesa-iz-cijele-bih","status":"publish","type":"post","link":"https:\/\/tztz.ba\/ba\/tuzla-plese-family-day-okupio-ljubitelje-plesa-iz-cijele-bih\/","title":{"rendered":"\u2018Tuzla ple\u0161e \u2013 Family Day\u2019 okupio ljubitelje plesa iz cijele BiH\u00a0"},"content":{"rendered":"\n<p>Trg slobode u Tuzli u subotu je bio u znaku muzike, plesa i dobrog raspolo\u017eenja. Centar za ples i rekreaciju organizovao je \u0161estu manifestaciju \u201eTuzla ple\u0161e \u2013 Family Day\u201c, koja je okupila plesa\u010de razli\u010ditih generacija iz Tuzle, ali i brojnih gradova Bosne i Hercegovine. <\/p>\n\n\n\n<figure class=\"wp-block-image size-large\"><img loading=\"lazy\" decoding=\"async\" width=\"1024\" height=\"680\" src=\"https:\/\/tztz.ba\/ba\/wp-content\/uploads\/2026\/08\/785364035_1039808138886402_7508199759567729771_n-1024x680.jpg\" alt=\"\" class=\"wp-image-30520\" srcset=\"https:\/\/tztz.ba\/ba\/wp-content\/uploads\/2026\/08\/785364035_1039808138886402_7508199759567729771_n-1024x680.jpg 1024w, https:\/\/tztz.ba\/ba\/wp-content\/uploads\/2026\/08\/785364035_1039808138886402_7508199759567729771_n-300x199.jpg 300w, https:\/\/tztz.ba\/ba\/wp-content\/uploads\/2026\/08\/785364035_1039808138886402_7508199759567729771_n-768x510.jpg 768w, https:\/\/tztz.ba\/ba\/wp-content\/uploads\/2026\/08\/785364035_1039808138886402_7508199759567729771_n.jpg 1280w\" sizes=\"auto, (max-width: 1024px) 100vw, 1024px\" \/><\/figure>\n\n\n\n<p>Uz plesne nastupe, dru\u017eenje i zabavu, birana je i najrasplesanija porodica, a organizatori su pripremili i brojna iznena\u0111enja.<\/p>\n\n\n\n<figure class=\"wp-block-image size-large\"><img loading=\"lazy\" decoding=\"async\" width=\"1024\" height=\"768\" src=\"https:\/\/tztz.ba\/ba\/wp-content\/uploads\/2026\/08\/788846637_1039808242219725_930553243524524660_n-1024x768.jpg\" alt=\"\" class=\"wp-image-30521\" srcset=\"https:\/\/tztz.ba\/ba\/wp-content\/uploads\/2026\/08\/788846637_1039808242219725_930553243524524660_n-1024x768.jpg 1024w, https:\/\/tztz.ba\/ba\/wp-content\/uploads\/2026\/08\/788846637_1039808242219725_930553243524524660_n-300x225.jpg 300w, https:\/\/tztz.ba\/ba\/wp-content\/uploads\/2026\/08\/788846637_1039808242219725_930553243524524660_n-768x576.jpg 768w, https:\/\/tztz.ba\/ba\/wp-content\/uploads\/2026\/08\/788846637_1039808242219725_930553243524524660_n-1536x1152.jpg 1536w, https:\/\/tztz.ba\/ba\/wp-content\/uploads\/2026\/08\/788846637_1039808242219725_930553243524524660_n.jpg 2048w\" sizes=\"auto, (max-width: 1024px) 100vw, 1024px\" \/><\/figure>\n\n\n\n<p>Ovogodi\u0161nja manifestacija zami\u0161ljena je kao veliki Family Day, namijenjen svim generacijama. <\/p>\n\n\n\n<figure class=\"wp-block-image size-large\"><img loading=\"lazy\" decoding=\"async\" width=\"1024\" height=\"680\" src=\"https:\/\/tztz.ba\/ba\/wp-content\/uploads\/2026\/08\/790425813_1039808098886406_3038140979722736142_n-1024x680.jpg\" alt=\"\" class=\"wp-image-30526\" srcset=\"https:\/\/tztz.ba\/ba\/wp-content\/uploads\/2026\/08\/790425813_1039808098886406_3038140979722736142_n-1024x680.jpg 1024w, https:\/\/tztz.ba\/ba\/wp-content\/uploads\/2026\/08\/790425813_1039808098886406_3038140979722736142_n-300x199.jpg 300w, https:\/\/tztz.ba\/ba\/wp-content\/uploads\/2026\/08\/790425813_1039808098886406_3038140979722736142_n-768x510.jpg 768w, https:\/\/tztz.ba\/ba\/wp-content\/uploads\/2026\/08\/790425813_1039808098886406_3038140979722736142_n.jpg 1280w\" sizes=\"auto, (max-width: 1024px) 100vw, 1024px\" \/><\/figure>\n\n\n\n<p>Gra\u0111ani Tuzle, Tuzlanskog kantona, ali i posjetioci iz drugih dijelova Bosne i Hercegovine, imali su priliku u\u017eivati u plesnim radionicama, nastupima, dru\u017eenju i velikoj zabavi uz DJ-a.<\/p>\n\n\n\n<figure class=\"wp-block-image size-large\"><img loading=\"lazy\" decoding=\"async\" width=\"1024\" height=\"680\" src=\"https:\/\/tztz.ba\/ba\/wp-content\/uploads\/2026\/08\/789383553_1039808302219719_2543112917534127332_n-1024x680.jpg\" alt=\"\" class=\"wp-image-30523\" srcset=\"https:\/\/tztz.ba\/ba\/wp-content\/uploads\/2026\/08\/789383553_1039808302219719_2543112917534127332_n-1024x680.jpg 1024w, https:\/\/tztz.ba\/ba\/wp-content\/uploads\/2026\/08\/789383553_1039808302219719_2543112917534127332_n-300x199.jpg 300w, https:\/\/tztz.ba\/ba\/wp-content\/uploads\/2026\/08\/789383553_1039808302219719_2543112917534127332_n-768x510.jpg 768w, https:\/\/tztz.ba\/ba\/wp-content\/uploads\/2026\/08\/789383553_1039808302219719_2543112917534127332_n.jpg 1280w\" sizes=\"auto, (max-width: 1024px) 100vw, 1024px\" \/><\/figure>\n\n\n\n<p>\u201eNa\u0161a \u017eelja je da manifestacija \u2018Tuzla ple\u0161e\u2019 okupi porodice, djecu, mlade i osobe svih generacija te da Trg slobode pretvorimo u veliki plesni podij ispunjen osmijesima, dru\u017eenjem i pozitivnom energijom. Za u\u010de\u0161\u0107e nije potrebno plesno iskustvo \u2013 dovoljno je da se prepustite ritmu\u201c, istakao je Alan Alagi\u0107 iz Centra za ples i rekreaciju.<\/p>\n\n\n\n<figure class=\"wp-block-image size-large\"><img loading=\"lazy\" decoding=\"async\" width=\"1024\" height=\"680\" src=\"https:\/\/tztz.ba\/ba\/wp-content\/uploads\/2026\/08\/789606089_1039808188886397_2047213027454539713_n-1024x680.jpg\" alt=\"\" class=\"wp-image-30524\" srcset=\"https:\/\/tztz.ba\/ba\/wp-content\/uploads\/2026\/08\/789606089_1039808188886397_2047213027454539713_n-1024x680.jpg 1024w, https:\/\/tztz.ba\/ba\/wp-content\/uploads\/2026\/08\/789606089_1039808188886397_2047213027454539713_n-300x199.jpg 300w, https:\/\/tztz.ba\/ba\/wp-content\/uploads\/2026\/08\/789606089_1039808188886397_2047213027454539713_n-768x510.jpg 768w, https:\/\/tztz.ba\/ba\/wp-content\/uploads\/2026\/08\/789606089_1039808188886397_2047213027454539713_n.jpg 1280w\" sizes=\"auto, (max-width: 1024px) 100vw, 1024px\" \/><\/figure>\n\n\n\n<p>Centar za ples i rekreaciju manifestacijom \u201eTuzla ple\u0161e\u201c ujedno otvara novu plesnu i rekreativnu sezonu. Svi zainteresirani, bez obzira na godine i prethodno iskustvo, mogu se uklju\u010diti u razli\u010dite programe Centra, me\u0111u kojima su aerobik, plesni i rekreativni programi, \u0161kola plesa za djecu i odrasle, kao i programi prilago\u0111eni osobama tre\u0107e \u017eivotne dobi.<\/p>\n\n\n\n<figure class=\"wp-block-image size-large\"><img loading=\"lazy\" decoding=\"async\" width=\"1024\" height=\"680\" src=\"https:\/\/tztz.ba\/ba\/wp-content\/uploads\/2026\/08\/790262942_1039808275553055_8988323603355868046_n-1024x680.jpg\" alt=\"\" class=\"wp-image-30525\" srcset=\"https:\/\/tztz.ba\/ba\/wp-content\/uploads\/2026\/08\/790262942_1039808275553055_8988323603355868046_n-1024x680.jpg 1024w, https:\/\/tztz.ba\/ba\/wp-content\/uploads\/2026\/08\/790262942_1039808275553055_8988323603355868046_n-300x199.jpg 300w, https:\/\/tztz.ba\/ba\/wp-content\/uploads\/2026\/08\/790262942_1039808275553055_8988323603355868046_n-768x510.jpg 768w, https:\/\/tztz.ba\/ba\/wp-content\/uploads\/2026\/08\/790262942_1039808275553055_8988323603355868046_n.jpg 1280w\" sizes=\"auto, (max-width: 1024px) 100vw, 1024px\" \/><\/figure>\n\n\n\n<figure class=\"wp-block-embed is-type-video is-provider-youtube wp-block-embed-youtube wp-embed-aspect-16-9 wp-has-aspect-ratio\"><div class=\"wp-block-embed__wrapper\">\n<iframe loading=\"lazy\" title=\"MANIFESTACIJA &quot;TUZLA PLE\u0160E&quot; NA TRGU SLOBODE\" width=\"500\" height=\"281\" src=\"https:\/\/www.youtube.com\/embed\/JNyXxRhyvrI?feature=oembed\" frameborder=\"0\" allow=\"accelerometer; autoplay; clipboard-write; encrypted-media; gyroscope; picture-in-picture; web-share\" referrerpolicy=\"strict-origin-when-cross-origin\" allowfullscreen><\/iframe>\n<\/div><\/figure>\n\n\n\n<p><\/p>\n\n\n\n<p><\/p>\n","protected":false},"excerpt":{"rendered":"<p>Trg slobode u Tuzli u subotu je bio u znaku muzike, plesa i dobrog raspolo\u017eenja&#8230;.<\/p>\n","protected":false},"author":2,"featured_media":30519,"comment_status":"closed","ping_status":"closed","sticky":false,"template":"","format":"standard","meta":{"footnotes":""},"categories":[28,24,9,3,15],"tags":[],"class_list":["post-30496","post","type-post","status-publish","format-standard","has-post-thumbnail","hentry","category-28","category-aktuelno","category-kultura","category-novosti","category-zabava"],"_links":{"self":[{"href":"https:\/\/tztz.ba\/ba\/wp-json\/wp\/v2\/posts\/30496","targetHints":{"allow":["GET"]}}],"collection":[{"href":"https:\/\/tztz.ba\/ba\/wp-json\/wp\/v2\/posts"}],"about":[{"href":"https:\/\/tztz.ba\/ba\/wp-json\/wp\/v2\/types\/post"}],"author":[{"embeddable":true,"href":"https:\/\/tztz.ba\/ba\/wp-json\/wp\/v2\/users\/2"}],"replies":[{"embeddable":true,"href":"https:\/\/tztz.ba\/ba\/wp-json\/wp\/v2\/comments?post=30496"}],"version-history":[{"count":2,"href":"https:\/\/tztz.ba\/ba\/wp-json\/wp\/v2\/posts\/30496\/revisions"}],"predecessor-version":[{"id":30527,"href":"https:\/\/tztz.ba\/ba\/wp-json\/wp\/v2\/posts\/30496\/revisions\/30527"}],"wp:featuredmedia":[{"embeddable":true,"href":"https:\/\/tztz.ba\/ba\/wp-json\/wp\/v2\/media\/30519"}],"wp:attachment":[{"href":"https:\/\/tztz.ba\/ba\/wp-json\/wp\/v2\/media?parent=30496"}],"wp:term":[{"taxonomy":"category","embeddable":true,"href":"https:\/\/tztz.ba\/ba\/wp-json\/wp\/v2\/categories?post=30496"},{"taxonomy":"post_tag","embeddable":true,"href":"https:\/\/tztz.ba\/ba\/wp-json\/wp\/v2\/tags?post=30496"}],"curies":[{"name":"wp","href":"https:\/\/api.w.org\/{rel}","templated":true}]}}