{"id":30503,"date":"2026-08-30T12:36:17","date_gmt":"2026-08-30T12:36:17","guid":{"rendered":"https:\/\/tztz.ba\/ba\/?p=30503"},"modified":"2026-08-31T12:09:55","modified_gmt":"2026-08-31T12:09:55","slug":"tuzla-u-znaku-biciklizma-veliki-broj-ucesnika-na-14-rekreativnoj-biciklijadi","status":"publish","type":"post","link":"https:\/\/tztz.ba\/ba\/tuzla-u-znaku-biciklizma-veliki-broj-ucesnika-na-14-rekreativnoj-biciklijadi\/","title":{"rendered":"Vi\u0161e od 4.000 u\u010desnika na 14. Tuzlanskoj biciklijadi"},"content":{"rendered":"\n<p>U Tuzli je u nedjelju odr\u017eana 14. Tuzlanska biciklijada, koja je ove godine okupila rekordan broj u\u010desnika i potvrdila da biciklizam u ovom gradu iz godine u godinu ima sve vi\u0161e ljubitelja. Prema procjenama organizatora, na ulicama Tuzle vozilo je oko 4.000 biciklista, \u010dime je ovo izdanje progla\u0161eno najmasovnijim do sada.<\/p>\n\n\n\n<figure class=\"wp-block-image size-large\"><img loading=\"lazy\" decoding=\"async\" width=\"1024\" height=\"576\" src=\"https:\/\/tztz.ba\/ba\/wp-content\/uploads\/2026\/08\/787941909_1684585549714416_466353354873726630_n-1-1024x576.jpg\" alt=\"\" class=\"wp-image-30508\" srcset=\"https:\/\/tztz.ba\/ba\/wp-content\/uploads\/2026\/08\/787941909_1684585549714416_466353354873726630_n-1-1024x576.jpg 1024w, https:\/\/tztz.ba\/ba\/wp-content\/uploads\/2026\/08\/787941909_1684585549714416_466353354873726630_n-1-300x169.jpg 300w, https:\/\/tztz.ba\/ba\/wp-content\/uploads\/2026\/08\/787941909_1684585549714416_466353354873726630_n-1-768x432.jpg 768w, https:\/\/tztz.ba\/ba\/wp-content\/uploads\/2026\/08\/787941909_1684585549714416_466353354873726630_n-1-1536x864.jpg 1536w, https:\/\/tztz.ba\/ba\/wp-content\/uploads\/2026\/08\/787941909_1684585549714416_466353354873726630_n-1-1280x720.jpg 1280w, https:\/\/tztz.ba\/ba\/wp-content\/uploads\/2026\/08\/787941909_1684585549714416_466353354873726630_n-1.jpg 1920w\" sizes=\"auto, (max-width: 1024px) 100vw, 1024px\" \/><\/figure>\n\n\n\n<p>Ruta duga oko 14 kilometara vodila je od Stupina, preko Siporexa, Skvera, pored kompleksa Panonskih jezera, a potom nazad do mjesta starta, gdje je za u\u010desnike pripremljen prigodan program,<br>dru\u017eenje, kao i nagradne igre.<\/p>\n\n\n\n<p>U biciklisti\u010dkoj vo\u017enji u\u010destvovao je i gradona\u010delnik Tuzle, dr. sc. Zijad Lugavi\u0107, koji je sa svojim sugra\u0111anima u\u017eivao u vo\u017enji ulicama Tuzle.<\/p>\n\n\n\n<figure class=\"wp-block-image size-full\"><img loading=\"lazy\" decoding=\"async\" width=\"700\" height=\"466\" src=\"https:\/\/tztz.ba\/ba\/wp-content\/uploads\/2026\/08\/DSC05151.jpg\" alt=\"\" class=\"wp-image-30514\" srcset=\"https:\/\/tztz.ba\/ba\/wp-content\/uploads\/2026\/08\/DSC05151.jpg 700w, https:\/\/tztz.ba\/ba\/wp-content\/uploads\/2026\/08\/DSC05151-300x200.jpg 300w\" sizes=\"auto, (max-width: 700px) 100vw, 700px\" \/><\/figure>\n\n\n\n<p>Tuzlanska biciklijada po\u010dela je na platou u naselju Stupine, odakle je velika kolona biciklista krenula kroz grad.<\/p>\n\n\n\n<figure class=\"wp-block-image size-large\"><img loading=\"lazy\" decoding=\"async\" width=\"1024\" height=\"576\" src=\"https:\/\/tztz.ba\/ba\/wp-content\/uploads\/2026\/08\/790003262_1400917851619406_7132759415501392946_n-1024x576.jpg\" alt=\"\" class=\"wp-image-30510\" srcset=\"https:\/\/tztz.ba\/ba\/wp-content\/uploads\/2026\/08\/790003262_1400917851619406_7132759415501392946_n-1024x576.jpg 1024w, https:\/\/tztz.ba\/ba\/wp-content\/uploads\/2026\/08\/790003262_1400917851619406_7132759415501392946_n-300x169.jpg 300w, https:\/\/tztz.ba\/ba\/wp-content\/uploads\/2026\/08\/790003262_1400917851619406_7132759415501392946_n-768x432.jpg 768w, https:\/\/tztz.ba\/ba\/wp-content\/uploads\/2026\/08\/790003262_1400917851619406_7132759415501392946_n-1536x864.jpg 1536w, https:\/\/tztz.ba\/ba\/wp-content\/uploads\/2026\/08\/790003262_1400917851619406_7132759415501392946_n-1280x720.jpg 1280w, https:\/\/tztz.ba\/ba\/wp-content\/uploads\/2026\/08\/790003262_1400917851619406_7132759415501392946_n.jpg 1920w\" sizes=\"auto, (max-width: 1024px) 100vw, 1024px\" \/><\/figure>\n\n\n\n<p>Gradona\u010delnik Lugavi\u0107 naglasio je da \u0107e Grad nastaviti raditi na stvaranju boljih i sigurnijih uslova za bicikliste, uklju\u010duju\u0107i izgradnju novih biciklisti\u010dkih staza.<\/p>\n\n\n\n<figure class=\"wp-block-image size-full\"><img loading=\"lazy\" decoding=\"async\" width=\"700\" height=\"466\" src=\"https:\/\/tztz.ba\/ba\/wp-content\/uploads\/2026\/08\/DSC05425.jpg\" alt=\"\" class=\"wp-image-30515\" srcset=\"https:\/\/tztz.ba\/ba\/wp-content\/uploads\/2026\/08\/DSC05425.jpg 700w, https:\/\/tztz.ba\/ba\/wp-content\/uploads\/2026\/08\/DSC05425-300x200.jpg 300w\" sizes=\"auto, (max-width: 700px) 100vw, 700px\" \/><\/figure>\n\n\n\n<p>\u201eLijepo je vidjeti da ovaj doga\u0111aj iz godine u godinu privla\u010di sve ve\u0107i broj gra\u0111anki i gra\u0111ana, ali i dragih gostiju iz cijelog Tuzlanskog kantona, te da u njemu posebno u\u017eivaju djeca i mladi. U narednom periodu gradit \u0107emo jo\u0161 biciklisti\u010dkih staza. Aplicirali smo prema Vladi Federacije Bosne i Hercegovine i o\u010dekujemo njihovu podr\u0161ku za izgradnju jedne du\u017ee dionice biciklisti\u010dke staze u Tuzli. \u010cestitam Biciklisti\u010dkom klubu \u201eTuzla\u201c, M Bike Shopu, JKP \u201eSaobra\u0107aj i komunikacije\u201c Tuzla, kao i svim sponzorima i partnerima koji ve\u0107 14 godina doprinose uspje\u0161noj organizaciji biciklijade. Grad Tuzla \u0107e i dalje biti podr\u0161ka ovakvim doga\u0111ajima i razvoju biciklizma\u201c, kazao je gradona\u010delnik Lugavi\u0107.<\/p>\n\n\n\n<p>Organizator 14. Tuzlanske biciklijade Mirsad Jusi\u0107 istakao je da je ovogodi\u0161nji odziv pokazao koliko gra\u0111ani Tuzle vole biciklizam, ali i koliko je va\u017eno nastaviti ulagati u biciklisti\u010dku infrastrukturu.<\/p>\n\n\n\n<p>\u201eOvo je najmasovnija biciklijada koju smo do sada organizovali. Posebno nas raduje \u0161to je me\u0111u u\u010desnicima bilo mnogo djece koja su vozila u pratnji svojih roditelja. Upravo tako se od malih nogu razvija ljubav prema biciklizmu i zdravim \u017eivotnim navikama\u201c, kazao je Jusi\u0107.<\/p>\n\n\n\n<figure class=\"wp-block-embed is-type-video is-provider-youtube wp-block-embed-youtube wp-embed-aspect-16-9 wp-has-aspect-ratio\"><div class=\"wp-block-embed__wrapper\">\n<iframe loading=\"lazy\" title=\"ODR\u017dANA 14. TUZLANSKA BICIKLIJADA: BROJNI GRA\u0110ANI VOZILI ULICAMA TUZLE\" width=\"500\" height=\"281\" src=\"https:\/\/www.youtube.com\/embed\/Q6Kmw0B9Zog?feature=oembed\" frameborder=\"0\" allow=\"accelerometer; autoplay; clipboard-write; encrypted-media; gyroscope; picture-in-picture; web-share\" referrerpolicy=\"strict-origin-when-cross-origin\" allowfullscreen><\/iframe>\n<\/div><\/figure>\n\n\n\n<p>Foto: FB\/RTV7<\/p>\n","protected":false},"excerpt":{"rendered":"<p>U Tuzli je u nedjelju odr\u017eana 14. Tuzlanska biciklijada, koja je ove godine okupila rekordan&#8230;<\/p>\n","protected":false},"author":2,"featured_media":30500,"comment_status":"closed","ping_status":"closed","sticky":false,"template":"","format":"standard","meta":{"footnotes":""},"categories":[26,24,3,41],"tags":[],"class_list":["post-30503","post","type-post","status-publish","format-standard","has-post-thumbnail","hentry","category-26","category-aktuelno","category-novosti","category-sport"],"_links":{"self":[{"href":"https:\/\/tztz.ba\/ba\/wp-json\/wp\/v2\/posts\/30503","targetHints":{"allow":["GET"]}}],"collection":[{"href":"https:\/\/tztz.ba\/ba\/wp-json\/wp\/v2\/posts"}],"about":[{"href":"https:\/\/tztz.ba\/ba\/wp-json\/wp\/v2\/types\/post"}],"author":[{"embeddable":true,"href":"https:\/\/tztz.ba\/ba\/wp-json\/wp\/v2\/users\/2"}],"replies":[{"embeddable":true,"href":"https:\/\/tztz.ba\/ba\/wp-json\/wp\/v2\/comments?post=30503"}],"version-history":[{"count":3,"href":"https:\/\/tztz.ba\/ba\/wp-json\/wp\/v2\/posts\/30503\/revisions"}],"predecessor-version":[{"id":30516,"href":"https:\/\/tztz.ba\/ba\/wp-json\/wp\/v2\/posts\/30503\/revisions\/30516"}],"wp:featuredmedia":[{"embeddable":true,"href":"https:\/\/tztz.ba\/ba\/wp-json\/wp\/v2\/media\/30500"}],"wp:attachment":[{"href":"https:\/\/tztz.ba\/ba\/wp-json\/wp\/v2\/media?parent=30503"}],"wp:term":[{"taxonomy":"category","embeddable":true,"href":"https:\/\/tztz.ba\/ba\/wp-json\/wp\/v2\/categories?post=30503"},{"taxonomy":"post_tag","embeddable":true,"href":"https:\/\/tztz.ba\/ba\/wp-json\/wp\/v2\/tags?post=30503"}],"curies":[{"name":"wp","href":"https:\/\/api.w.org\/{rel}","templated":true}]}}