{"id":30547,"date":"2026-09-02T13:12:37","date_gmt":"2026-09-02T13:12:37","guid":{"rendered":"https:\/\/tztz.ba\/ba\/?p=30547"},"modified":"2026-09-02T13:13:38","modified_gmt":"2026-09-02T13:13:38","slug":"kristina-iz-slavonskog-broda-podijelila-lijepo-iskustvo-boravka-u-tuzli-budite-ponosni-na-svoj-grad","status":"publish","type":"post","link":"https:\/\/tztz.ba\/ba\/kristina-iz-slavonskog-broda-podijelila-lijepo-iskustvo-boravka-u-tuzli-budite-ponosni-na-svoj-grad\/","title":{"rendered":"Kristina iz Slavonskog Broda podijelila lijepo iskustvo boravka u Tuzli: Budite ponosni na svoj grad"},"content":{"rendered":"\n<p>Da je potrebno svega nekoliko dana da se sru\u0161e predrasude i strahovi koje \u010dovjek nosi mnogo du\u017ee pokazao je i primjer Kristine Terihaj iz Slavonskog Broda.<\/p>\n\n\n\n<p>Kristina va\u017ei za hrabru osobu, koja je uprkos borbi sa bole\u0161\u0107u ostala jako pozitivna i vedra osoba. Naime, ona boluje od vrlo rijetke bolesti arthrogryphosis congenita multiplex.<\/p>\n\n\n\n<p>To je bolest koja zahvata zglobove, mi\u0161i\u0107e i vezivno tkivo. Posljedice stvaraju velike kontrakture koje ograni\u010davaju pokretljivost zglobova.<\/p>\n\n\n\n<p>Danas, ima prijatelje koji su uz nju i svoja motor kolica koja joj olak\u0161avaju kretanje.<\/p>\n\n\n\n<p>Kristina jako voli putovanja, nedavno je posjetila i Tuzlu, kupala se na Panonskim jezerima, a svoje iskustvo je javno podijelila jer, kako ka\u017ee, ostala je iznena\u0111ena gostoljubivo\u0161\u0107u i razumijevanjem na koje je nai\u0161la u Tuzli.&nbsp;<\/p>\n\n\n\n<p>Prije dolaska Kristina se brinula o tom ho\u0107e li joj prostor biti pristupa\u010dan, kako \u0107e do\u0107i do vode, ko \u0107e joj pomo\u0107i i, mo\u017eda najte\u017ee od svega, kako \u0107e ljudi reagovati.<\/p>\n\n\n\n<p>Na putu od Slavonskog Broda do Tuzle, priznaje, imala je bezbroj pitanja.<\/p>\n\n\n\n<p>&#8220;Kako \u0107u se ja kupati? Moram se skinuti u kupa\u0107i, svi \u0107e me gledati. \u0160to ako mi se budu smijali? Kako \u0107u u jezero? Ko \u0107e mi pomo\u0107i? Ma ne\u0107u se ja ni kupati!&#8221;, prisjetila se Kristina svojih rije\u010di tokom putovanja.<\/p>\n\n\n\n<p>Tri sata kasnije stigla je u Tuzlu, a ono \u010dega se pribojavala ubrzo je zamijenilo potpuno druga\u010dije iskustvo.<\/p>\n\n\n\n<p>&#8220;Do\u0111emo mi u Tuzlu, a meni prvi \u0161ok \u2013 stvarno se sad treba skinuti u kupa\u0107i. U mojoj glavi odmah: &#8216;Evo, svi gledaju mene, sve o\u010di su uprte u mene!&#8217; A onda ste me vi, Tuzlaci, potpuno razuvjerili&#8221;, napisala je.<\/p>\n\n\n\n<p>Za osobe koje su ograni\u010dene u kretanju odlazak na kupanje nije samo pitanje odluke gdje provesti ljetni dan. Pristupa\u010dnost lokacije \u010desto odre\u0111uje da li \u0107e u ne\u010demu \u0161to je drugima sasvim uobi\u010dajeno, uop\u0161te mo\u0107i u\u010destvovati.<\/p>\n\n\n\n<p>Upravo zbog toga Kristinu je posebno obradovalo ono \u0161to je zatekla na Panonskim jezerima.<\/p>\n\n\n\n<p>Pristup prilago\u0111en osobama s invaliditetom i pomo\u0107 spasilaca omogu\u0107ili su joj da u\u0111e u slano jezero i u\u017eiva u kupanju.<\/p>\n\n\n\n<p>&#8220;Spasioci su mi pomogli, stavili me u kolica i preko staze koja vodi u jezero omogu\u0107ili mi da se i ja normalno kupam i u\u017eivam&#8221;, navela je.<\/p>\n\n\n\n<p>Svoje iskustvo odlu\u010dila je podijeliti i kao prakti\u010dan savjet drugim osobama koje koriste invalidska kolica i mo\u017eda razmi\u0161ljaju o posjeti Tuzli. Preporu\u010dila im je da, ukoliko su u mogu\u0107nosti, ponesu starija kolica koja mogu koristiti prilikom ulaska u vodu.<\/p>\n\n\n\n<p>Ipak, pristupa\u010dnost Panonskih jezera nije jedina stvar koja je na Kristinu ostavila utisak. Strah da \u0107e privla\u010diti ne\u017eeljene poglede ili nai\u0107i na nerazumijevanje nestajao je sa svakim susretom.<\/p>\n\n\n\n<p>Umjesto toga, ka\u017ee, do\u010dekali su je ljudi koji su prilazili, nudili pomo\u0107 i ohrabrivali je.<\/p>\n\n\n\n<p>&#8220;Toliko ljubaznosti, topline, razumijevanja i spremnosti pomo\u0107i nisam o\u010dekivala. Ljudi prilaze, nude pomo\u0107, bodre me da idem u vodu, govore mi: &#8216;Bravo!&#8217;, &#8216;Nemoj se ustru\u010davati!&#8217;, &#8216;Super \u0161to si do\u0161la!'&#8221;<\/p>\n\n\n\n<p>Upravo u toj re\u010denici mo\u017eda se najbolje krije razlog zbog kojeg je odlu\u010dila javno zahvaliti Tuzlacima. Ono \u0161to su za nekoga sitni gestovi, za osobu koja prvi put dolazi u nepoznatu sredinu i ne zna kakve je prepreke \u010dekaju mo\u017ee zna\u010diti mnogo vi\u0161e.<\/p>\n\n\n\n<p>A pozitivno iskustvo nije zavr\u0161ilo izlaskom s Panonskih jezera.<\/p>\n\n\n\n<p>Kristina ka\u017ee da je isti osje\u0107aj ponijela i iz ostatka grada. Od konobara i ugostitelja do slu\u010dajnih prolaznika.<\/p>\n\n\n\n<p>Odu\u0161evile su je i cijene, posebno u pore\u0111enju s ljetovanjem na hrvatskoj obali.<\/p>\n\n\n\n<p>&#8220;Ljudi moji, nakon na\u0161eg mora, ovdje mi cijene izgledaju nestvarno. Sve je stvarno pristupa\u010dno i \u010dovjek mo\u017ee do\u0107i na nekoliko dana, kupati se, odmoriti, pojesti, popiti i u\u017eivati, a da za to ne mora imati ogroman bud\u017eet&#8221;, napisala je.<\/p>\n\n\n\n<p><strong>Tuzla koju \u0107e pamtiti po ljudima<\/strong><\/p>\n\n\n\n<p>Prolazak gradom donio je jo\u0161 jedan razlog da joj Tuzla ostane u lijepom sje\u0107anju. Uli\u010dni svira\u010di, ljetna atmosfera, ljudi i grad pun \u017eivota za Kristinu su imali, kako ka\u017ee, &#8220;posebnu toplinu i du\u0161u&#8221;.<\/p>\n\n\n\n<p>Na kraju, Kristina je uputila rije\u010di zahvalnosti spasiocima na Panonskim jezerima, ljudima koji su joj prilazili i nudili pomo\u0107, onima koji su je ohrabrivali da u\u0111e u vodu, ali i svim ljudima koje je tokom boravka srela.<\/p>\n\n\n\n<p>&#8220;Mo\u017eda su vama to sitnice i ne\u0161to sasvim normalno, ali vjerujte mi \u2013 osobi koja prvi put dolazi u nepoznati grad, u invalidskim kolicima i sa sto pitanja i strahova u glavi, takve stvari zna\u010de jako, jako puno&#8221;, napisala je.<\/p>\n\n\n\n<p>Poru\u010dila je gra\u0111anima Tuzle da budu ponosni na svoj grad, a posebno na ljude, te kazala da joj ovo ne\u0107e biti posljednji dolazak u Tuzlu.<\/p>\n\n\n\n<p>Izvor: Tuzlanski.ba\/Foto: Ilustracija | Kristina Terihaj<\/p>\n\n\n\n<p><\/p>\n","protected":false},"excerpt":{"rendered":"<p>Da je potrebno svega nekoliko dana da se sru\u0161e predrasude i strahovi koje \u010dovjek nosi&#8230;<\/p>\n","protected":false},"author":2,"featured_media":30548,"comment_status":"closed","ping_status":"closed","sticky":false,"template":"","format":"standard","meta":{"footnotes":""},"categories":[27,24,3],"tags":[],"class_list":["post-30547","post","type-post","status-publish","format-standard","has-post-thumbnail","hentry","category-27","category-aktuelno","category-novosti"],"_links":{"self":[{"href":"https:\/\/tztz.ba\/ba\/wp-json\/wp\/v2\/posts\/30547","targetHints":{"allow":["GET"]}}],"collection":[{"href":"https:\/\/tztz.ba\/ba\/wp-json\/wp\/v2\/posts"}],"about":[{"href":"https:\/\/tztz.ba\/ba\/wp-json\/wp\/v2\/types\/post"}],"author":[{"embeddable":true,"href":"https:\/\/tztz.ba\/ba\/wp-json\/wp\/v2\/users\/2"}],"replies":[{"embeddable":true,"href":"https:\/\/tztz.ba\/ba\/wp-json\/wp\/v2\/comments?post=30547"}],"version-history":[{"count":2,"href":"https:\/\/tztz.ba\/ba\/wp-json\/wp\/v2\/posts\/30547\/revisions"}],"predecessor-version":[{"id":30550,"href":"https:\/\/tztz.ba\/ba\/wp-json\/wp\/v2\/posts\/30547\/revisions\/30550"}],"wp:featuredmedia":[{"embeddable":true,"href":"https:\/\/tztz.ba\/ba\/wp-json\/wp\/v2\/media\/30548"}],"wp:attachment":[{"href":"https:\/\/tztz.ba\/ba\/wp-json\/wp\/v2\/media?parent=30547"}],"wp:term":[{"taxonomy":"category","embeddable":true,"href":"https:\/\/tztz.ba\/ba\/wp-json\/wp\/v2\/categories?post=30547"},{"taxonomy":"post_tag","embeddable":true,"href":"https:\/\/tztz.ba\/ba\/wp-json\/wp\/v2\/tags?post=30547"}],"curies":[{"name":"wp","href":"https:\/\/api.w.org\/{rel}","templated":true}]}}